{"id":330,"date":"2015-06-02T09:41:34","date_gmt":"2015-06-02T09:41:34","guid":{"rendered":"https:\/\/sagrado.edu.uy\/?p=330"},"modified":"2015-09-12T09:45:05","modified_gmt":"2015-09-12T09:45:05","slug":"visita-al-auditorio-nacional-del-sodre","status":"publish","type":"post","link":"https:\/\/sagrado.edu.uy\/index.php\/2015\/06\/02\/visita-al-auditorio-nacional-del-sodre\/","title":{"rendered":"Visita al Auditorio Nacional del Sodre"},"content":{"rendered":"<p>\n\t<div class=\"slideshow_container slideshow_container_style-light\" style=\"height: 200px; \" data-slideshow-id=\"326\" data-style-name=\"style-light\" data-style-version=\"2.3.1\" >\n\n\t\t\t\t\t<div class=\"slideshow_loading_icon\"><\/div>\n\t\t\n\t\t<div class=\"slideshow_content\" style=\"display: none;\">\n\n\t\t\t<div class=\"slideshow_view\">\n\t\t\t\t<div class=\"slideshow_slide slideshow_slide_image\">\n\t\t\t\t\t\t\t\t\t\t\t<img src=\"https:\/\/i0.wp.com\/sagrado.edu.uy\/wp-content\/uploads\/2015\/09\/Sagrado-Coraz\u00f3n-Sodre-1.jpg?fit=1280%2C960&amp;ssl=1\" alt=\"Sagrado Coraz\u00f3n - Sodre 1\" width=\"1280\" height=\"960\" \/>\n\t\t\t\t\t\t\t\t\t\t<div class=\"slideshow_description_box slideshow_transparent\">\n\t\t\t\t\t\t<div class=\"slideshow_title\">Sagrado Coraz\u00f3n - Sodre 1<\/div>\t\t\t\t\t\t\t\t\t\t\t<\/div>\n\t\t\t\t<\/div>\n\n\t\t\t\t\t\t<div style=\"clear: both;\"><\/div><\/div><div class=\"slideshow_view\">\n\t\t\t\t<div class=\"slideshow_slide slideshow_slide_image\">\n\t\t\t\t\t\t\t\t\t\t\t<img src=\"https:\/\/i0.wp.com\/sagrado.edu.uy\/wp-content\/uploads\/2015\/09\/Sagrado-Coraz\u00f3n-Liceo-Canci\u00f3n-4.jpg?fit=3264%2C2448&amp;ssl=1\" alt=\"Sagrado Coraz\u00f3n - Liceo Canci\u00f3n 4\" width=\"3264\" height=\"2448\" \/>\n\t\t\t\t\t\t\t\t\t\t<div class=\"slideshow_description_box slideshow_transparent\">\n\t\t\t\t\t\t<div class=\"slideshow_title\">Sagrado Coraz\u00f3n - Liceo Canci\u00f3n 4<\/div>\t\t\t\t\t\t\t\t\t\t\t<\/div>\n\t\t\t\t<\/div>\n\n\t\t\t\t\t\t<div style=\"clear: both;\"><\/div><\/div><div class=\"slideshow_view\">\n\t\t\t\t<div class=\"slideshow_slide slideshow_slide_image\">\n\t\t\t\t\t\t\t\t\t\t\t<img src=\"https:\/\/i0.wp.com\/sagrado.edu.uy\/wp-content\/uploads\/2015\/09\/Sagrado-Coraz\u00f3n-Liceo-Canci\u00f3n-3.jpg?fit=3264%2C2448&amp;ssl=1\" alt=\"Sagrado Coraz\u00f3n - Liceo Canci\u00f3n 3\" width=\"3264\" height=\"2448\" \/>\n\t\t\t\t\t\t\t\t\t\t<div class=\"slideshow_description_box slideshow_transparent\">\n\t\t\t\t\t\t<div class=\"slideshow_title\">Sagrado Coraz\u00f3n - Liceo Canci\u00f3n 3<\/div>\t\t\t\t\t\t\t\t\t\t\t<\/div>\n\t\t\t\t<\/div>\n\n\t\t\t\t\t\t<div style=\"clear: both;\"><\/div><\/div><div class=\"slideshow_view\">\n\t\t\t\t<div class=\"slideshow_slide slideshow_slide_image\">\n\t\t\t\t\t\t\t\t\t\t\t<img src=\"https:\/\/i0.wp.com\/sagrado.edu.uy\/wp-content\/uploads\/2015\/09\/Sagrado-Coraz\u00f3n-Liceo-Canci\u00f3n-2.jpg?fit=3264%2C2448&amp;ssl=1\" alt=\"Sagrado Coraz\u00f3n - Liceo Canci\u00f3n 2\" width=\"3264\" height=\"2448\" \/>\n\t\t\t\t\t\t\t\t\t\t<div class=\"slideshow_description_box slideshow_transparent\">\n\t\t\t\t\t\t<div class=\"slideshow_title\">Sagrado Coraz\u00f3n - Liceo Canci\u00f3n 2<\/div>\t\t\t\t\t\t\t\t\t\t\t<\/div>\n\t\t\t\t<\/div>\n\n\t\t\t\t\t\t<div style=\"clear: both;\"><\/div><\/div><div class=\"slideshow_view\">\n\t\t\t\t<div class=\"slideshow_slide slideshow_slide_image\">\n\t\t\t\t\t\t\t\t\t\t\t<img src=\"https:\/\/i0.wp.com\/sagrado.edu.uy\/wp-content\/uploads\/2015\/09\/Sagrado-Coraz\u00f3n-Liceo-Canci\u00f3n-1.jpg?fit=3264%2C2448&amp;ssl=1\" alt=\"Sagrado Coraz\u00f3n - Liceo Canci\u00f3n 1\" width=\"3264\" height=\"2448\" \/>\n\t\t\t\t\t\t\t\t\t\t<div class=\"slideshow_description_box slideshow_transparent\">\n\t\t\t\t\t\t<div class=\"slideshow_title\">Sagrado Coraz\u00f3n - Liceo Canci\u00f3n 1<\/div>\t\t\t\t\t\t\t\t\t\t\t<\/div>\n\t\t\t\t<\/div>\n\n\t\t\t\t\t\t<div style=\"clear: both;\"><\/div><\/div>\n\t\t<\/div>\n\n\t\t<div class=\"slideshow_controlPanel slideshow_transparent\" style=\"display: none;\"><ul><li class=\"slideshow_togglePlay\" data-play-text=\"Play\" data-pause-text=\"Pause\"><\/li><\/ul><\/div>\n\n\t\t<div class=\"slideshow_button slideshow_previous slideshow_transparent\" role=\"button\" data-previous-text=\"Previous\" style=\"display: none;\"><\/div>\n\t\t<div class=\"slideshow_button slideshow_next slideshow_transparent\" role=\"button\" data-next-text=\"Next\" style=\"display: none;\"><\/div>\n\n\t\t<div class=\"slideshow_pagination\" style=\"display: none;\" data-go-to-text=\"Go to slide\"><div class=\"slideshow_pagination_center\"><\/div><\/div>\n\n\t\t<!-- WordPress Slideshow Version 2.3.1 -->\n\n\t\t\t<\/div>\n\nAcompa\u00f1ados por el docente de Educaci\u00f3n Visual y Pl\u00e1stica, los alumnos de primer a\u00f1o de liceo presenciaron un concierto did\u00e1ctico en el Auditorio Nacional \u201c Adela Reta\u201d. Dicha visita, que fue muy disfrutada por docente y alumnos est\u00e1 incluida en una unidad del programa del a\u00f1o y persigui\u00f3 los siguientes objetivos:<\/p>\n<p>Que los alumnos presencien un concierto did\u00e1ctico brindado por una orquesta sinf\u00f3nica.<br \/>\nQue los alumnos puedan observar los instrumentos de la orquesta y las familias instrumentales en plena expresi\u00f3n de sus cualidades.<br \/>\nQue los alumnos puedan luego reconocer los instrumentos vistos y diferenciar sus sonoridades caracter\u00edsticas.<br \/>\nQue los alumnos puedan conocer el Auditorio Nacional del Sodre.<\/p>\n","protected":false},"excerpt":{"rendered":"<p>Acompa\u00f1ados por el docente de Educaci\u00f3n Visual y Pl\u00e1stica, los alumnos de primer a\u00f1o de liceo presenciaron un concierto did\u00e1ctico en el Auditorio Nacional \u201c Adela Reta\u201d. Dicha visita, que fue muy disfrutada por docente y alumnos est\u00e1 incluida en una unidad del programa del a\u00f1o y persigui\u00f3 los siguientes [&hellip;]<\/p>\n","protected":false},"author":7,"featured_media":0,"comment_status":"closed","ping_status":"open","sticky":false,"template":"","format":"standard","meta":{"jetpack_post_was_ever_published":false,"_jetpack_newsletter_access":"","_jetpack_dont_email_post_to_subs":false,"_jetpack_newsletter_tier_id":0,"_jetpack_memberships_contains_paywalled_content":false,"footnotes":"","_jetpack_memberships_contains_paid_content":false},"categories":[3],"tags":[],"jetpack_featured_media_url":"","jetpack_sharing_enabled":true,"jetpack_shortlink":"https:\/\/wp.me\/p7txoW-5k","_links":{"self":[{"href":"https:\/\/sagrado.edu.uy\/index.php\/wp-json\/wp\/v2\/posts\/330"}],"collection":[{"href":"https:\/\/sagrado.edu.uy\/index.php\/wp-json\/wp\/v2\/posts"}],"about":[{"href":"https:\/\/sagrado.edu.uy\/index.php\/wp-json\/wp\/v2\/types\/post"}],"author":[{"embeddable":true,"href":"https:\/\/sagrado.edu.uy\/index.php\/wp-json\/wp\/v2\/users\/7"}],"replies":[{"embeddable":true,"href":"https:\/\/sagrado.edu.uy\/index.php\/wp-json\/wp\/v2\/comments?post=330"}],"version-history":[{"count":1,"href":"https:\/\/sagrado.edu.uy\/index.php\/wp-json\/wp\/v2\/posts\/330\/revisions"}],"predecessor-version":[{"id":333,"href":"https:\/\/sagrado.edu.uy\/index.php\/wp-json\/wp\/v2\/posts\/330\/revisions\/333"}],"wp:attachment":[{"href":"https:\/\/sagrado.edu.uy\/index.php\/wp-json\/wp\/v2\/media?parent=330"}],"wp:term":[{"taxonomy":"category","embeddable":true,"href":"https:\/\/sagrado.edu.uy\/index.php\/wp-json\/wp\/v2\/categories?post=330"},{"taxonomy":"post_tag","embeddable":true,"href":"https:\/\/sagrado.edu.uy\/index.php\/wp-json\/wp\/v2\/tags?post=330"}],"curies":[{"name":"wp","href":"https:\/\/api.w.org\/{rel}","templated":true}]}}