{"id":192,"date":"2015-07-01T12:02:53","date_gmt":"2015-07-01T12:02:53","guid":{"rendered":"https:\/\/sagrado.edu.uy\/?p=192"},"modified":"2015-09-08T23:11:37","modified_gmt":"2015-09-08T23:11:37","slug":"taller-de-expresion-plastica","status":"publish","type":"post","link":"https:\/\/sagrado.edu.uy\/index.php\/2015\/07\/01\/taller-de-expresion-plastica\/","title":{"rendered":"Taller de Expresi\u00f3n Pl\u00e1stica"},"content":{"rendered":"<p class=\"zw-paragraph\" data-textformat=\"{&quot;ff&quot;:&quot;Times New Roman&quot;,&quot;size&quot;:&quot;12.0&quot;}\"><span class=\"zw-portion\"><a href=\"https:\/\/i0.wp.com\/sagrado.edu.uy\/wp-content\/uploads\/2015\/08\/Taller-Expresi\u00f3n-Plastica.jpg?ssl=1\"><img fetchpriority=\"high\" decoding=\"async\" class=\" size-medium wp-image-240 alignleft\" src=\"https:\/\/i0.wp.com\/sagrado.edu.uy\/wp-content\/uploads\/2015\/08\/Taller-Expresi\u00f3n-Plastica.jpg?resize=225%2C300&#038;ssl=1\" alt=\"Taller Expresi\u00f3n Plastica\" width=\"225\" height=\"300\" srcset=\"https:\/\/i0.wp.com\/sagrado.edu.uy\/wp-content\/uploads\/2015\/08\/Taller-Expresi\u00f3n-Plastica.jpg?resize=225%2C300&amp;ssl=1 225w, https:\/\/i0.wp.com\/sagrado.edu.uy\/wp-content\/uploads\/2015\/08\/Taller-Expresi\u00f3n-Plastica.jpg?resize=768%2C1024&amp;ssl=1 768w, https:\/\/i0.wp.com\/sagrado.edu.uy\/wp-content\/uploads\/2015\/08\/Taller-Expresi\u00f3n-Plastica.jpg?w=1500&amp;ssl=1 1500w, https:\/\/i0.wp.com\/sagrado.edu.uy\/wp-content\/uploads\/2015\/08\/Taller-Expresi\u00f3n-Plastica.jpg?w=2250&amp;ssl=1 2250w\" sizes=\"(max-width: 225px) 100vw, 225px\" data-recalc-dims=\"1\" \/><\/a>En el mes de julio finaliz\u00f3 el Taller de Expresi\u00f3n Pl\u00e1stica en el grupo de primer a\u00f1o de liceo. El mismo estuvo <\/span><span class=\"zw-portion\">a<\/span><span class=\"zw-portion\"> cargo del Arquitecto <\/span><span class=\"zw-portion\">Jorge <\/span><span class=\"zw-portion\">Aramend\u00eda.<\/span><span class=\"zw-portion\">\u00a0<\/span><span class=\"zw-portion\">Los chicos trabajaron<\/span><span class=\"zw-portion\"> en diferentes instancias del Taller<\/span><span class=\"zw-portion\"> las diversas t\u00e9cnicas de expresi\u00f3n<\/span><span class=\"zw-portion\"> visual y pl\u00e1stica<\/span><span class=\"zw-portion\"> a lo largo de la Historia del Arte.<\/span><\/p>\n<p>&nbsp;<\/p>\n","protected":false},"excerpt":{"rendered":"<p>En el mes de julio finaliz\u00f3 el Taller de Expresi\u00f3n Pl\u00e1stica en el grupo de primer a\u00f1o de liceo. El mismo estuvo a cargo del Arquitecto Jorge Aramend\u00eda.\u00a0Los chicos trabajaron en diferentes instancias del Taller las diversas t\u00e9cnicas de expresi\u00f3n visual y pl\u00e1stica a lo largo de la Historia del [&hellip;]<\/p>\n","protected":false},"author":7,"featured_media":0,"comment_status":"closed","ping_status":"open","sticky":false,"template":"","format":"standard","meta":{"jetpack_post_was_ever_published":false,"_jetpack_newsletter_access":"","_jetpack_dont_email_post_to_subs":false,"_jetpack_newsletter_tier_id":0,"_jetpack_memberships_contains_paywalled_content":false,"footnotes":"","_jetpack_memberships_contains_paid_content":false},"categories":[3],"tags":[],"jetpack_featured_media_url":"","jetpack_sharing_enabled":true,"jetpack_shortlink":"https:\/\/wp.me\/p7txoW-36","_links":{"self":[{"href":"https:\/\/sagrado.edu.uy\/index.php\/wp-json\/wp\/v2\/posts\/192"}],"collection":[{"href":"https:\/\/sagrado.edu.uy\/index.php\/wp-json\/wp\/v2\/posts"}],"about":[{"href":"https:\/\/sagrado.edu.uy\/index.php\/wp-json\/wp\/v2\/types\/post"}],"author":[{"embeddable":true,"href":"https:\/\/sagrado.edu.uy\/index.php\/wp-json\/wp\/v2\/users\/7"}],"replies":[{"embeddable":true,"href":"https:\/\/sagrado.edu.uy\/index.php\/wp-json\/wp\/v2\/comments?post=192"}],"version-history":[{"count":2,"href":"https:\/\/sagrado.edu.uy\/index.php\/wp-json\/wp\/v2\/posts\/192\/revisions"}],"predecessor-version":[{"id":241,"href":"https:\/\/sagrado.edu.uy\/index.php\/wp-json\/wp\/v2\/posts\/192\/revisions\/241"}],"wp:attachment":[{"href":"https:\/\/sagrado.edu.uy\/index.php\/wp-json\/wp\/v2\/media?parent=192"}],"wp:term":[{"taxonomy":"category","embeddable":true,"href":"https:\/\/sagrado.edu.uy\/index.php\/wp-json\/wp\/v2\/categories?post=192"},{"taxonomy":"post_tag","embeddable":true,"href":"https:\/\/sagrado.edu.uy\/index.php\/wp-json\/wp\/v2\/tags?post=192"}],"curies":[{"name":"wp","href":"https:\/\/api.w.org\/{rel}","templated":true}]}}